{"id":676,"date":"2022-09-22T20:11:52","date_gmt":"2022-09-22T20:11:52","guid":{"rendered":"https:\/\/unionmasonicamundial.org\/umm\/?p=676"},"modified":"2022-09-26T14:12:47","modified_gmt":"2022-09-26T14:12:47","slug":"filosofia-de-georg-wilhelm-friedrich-hegel","status":"publish","type":"post","link":"https:\/\/unionmasonicamundial.org\/umm\/blog\/2022\/09\/22\/filosofia-de-georg-wilhelm-friedrich-hegel\/","title":{"rendered":"Filosofia de Georg Wilhelm Friedrich Hegel"},"content":{"rendered":"\n<figure class=\"wp-block-image size-full\"><img loading=\"lazy\" decoding=\"async\" width=\"940\" height=\"788\" src=\"https:\/\/unionmasonicamundial.org\/umm\/wp-content\/uploads\/2022\/09\/IMG-20220920-WA0056.jpg\" alt=\"\" class=\"wp-image-677\" srcset=\"https:\/\/unionmasonicamundial.org\/umm\/wp-content\/uploads\/2022\/09\/IMG-20220920-WA0056.jpg 940w, https:\/\/unionmasonicamundial.org\/umm\/wp-content\/uploads\/2022\/09\/IMG-20220920-WA0056-300x251.jpg 300w, https:\/\/unionmasonicamundial.org\/umm\/wp-content\/uploads\/2022\/09\/IMG-20220920-WA0056-768x644.jpg 768w\" sizes=\"auto, (max-width: 940px) 100vw, 940px\" \/><\/figure>\n\n\n\n<p>La Uni\u00f3n Mas\u00f3nica Mundial de SS:. GG:. II:. GG:. realiz\u00f3 la Tenida Especial Internacional sobre Aportes filos\u00f3ficos de Georg Wilhelm Friedrich Hegel, a cargo del Prof. Jos\u00e9 Castillo, catedr\u00e1tico de la Universidad de Buenos Aires. <\/p>\n\n\n\n<p>Coordina: Ricardo Romero 3\u00b0 9\u00b0 33\u00b0, Director Ejecutivo.<\/p>\n\n\n\n<p>S\u00e1bado 24 de septiembre a las 18 hs de Buenos Aires.<\/p>\n\n\n\n<figure class=\"wp-block-embed is-type-video is-provider-youtube wp-block-embed-youtube wp-embed-aspect-16-9 wp-has-aspect-ratio\"><div class=\"wp-block-embed__wrapper\">\n<iframe loading=\"lazy\" title=\"Aportes filos\u00f3ficos de Georg Wilhelm Friedrich Hegel\" width=\"640\" height=\"360\" src=\"https:\/\/www.youtube.com\/embed\/Y4CtmclgNQQ?feature=oembed\" frameborder=\"0\" allow=\"accelerometer; autoplay; clipboard-write; encrypted-media; gyroscope; picture-in-picture; web-share\" referrerpolicy=\"strict-origin-when-cross-origin\" allowfullscreen><\/iframe>\n<\/div><\/figure>\n\n\n\n<p><a href=\"https:\/\/drive.google.com\/file\/d\/1my9eWud7Fx3Wo9GnLiJbPqZM2MDyyiUs\/view?usp=sharing\">https:\/\/drive.google.com\/file\/d\/1my9eWud7Fx3Wo9GnLiJbPqZM2MDyyiUs\/view?usp=sharing<\/a><\/p>\n","protected":false},"excerpt":{"rendered":"<p>La Uni\u00f3n Mas\u00f3nica Mundial de SS:. GG:. II:. GG:. realiz\u00f3 la Tenida Especial Internacional sobre Aportes filos\u00f3ficos de Georg Wilhelm Friedrich Hegel, a cargo del Prof. Jos\u00e9 Castillo, catedr\u00e1tico de la Universidad de Buenos Aires. Coordina: Ricardo Romero 3\u00b0 9\u00b0 33\u00b0, Director Ejecutivo. S\u00e1bado 24 de septiembre a las 18 hs de Buenos Aires. https:\/\/drive.google.com\/file\/d\/1my9eWud7Fx3Wo9GnLiJbPqZM2MDyyiUs\/view?usp=sharing<\/p>\n","protected":false},"author":1,"featured_media":677,"comment_status":"open","ping_status":"open","sticky":false,"template":"","format":"standard","meta":{"footnotes":""},"categories":[39,3],"tags":[74],"class_list":["post-676","post","type-post","status-publish","format-standard","has-post-thumbnail","hentry","category-encuentros","category-union-masonica-mundial","tag-georg-wilhelm-friedrich-hegel"],"_links":{"self":[{"href":"https:\/\/unionmasonicamundial.org\/umm\/wp-json\/wp\/v2\/posts\/676","targetHints":{"allow":["GET"]}}],"collection":[{"href":"https:\/\/unionmasonicamundial.org\/umm\/wp-json\/wp\/v2\/posts"}],"about":[{"href":"https:\/\/unionmasonicamundial.org\/umm\/wp-json\/wp\/v2\/types\/post"}],"author":[{"embeddable":true,"href":"https:\/\/unionmasonicamundial.org\/umm\/wp-json\/wp\/v2\/users\/1"}],"replies":[{"embeddable":true,"href":"https:\/\/unionmasonicamundial.org\/umm\/wp-json\/wp\/v2\/comments?post=676"}],"version-history":[{"count":3,"href":"https:\/\/unionmasonicamundial.org\/umm\/wp-json\/wp\/v2\/posts\/676\/revisions"}],"predecessor-version":[{"id":682,"href":"https:\/\/unionmasonicamundial.org\/umm\/wp-json\/wp\/v2\/posts\/676\/revisions\/682"}],"wp:featuredmedia":[{"embeddable":true,"href":"https:\/\/unionmasonicamundial.org\/umm\/wp-json\/wp\/v2\/media\/677"}],"wp:attachment":[{"href":"https:\/\/unionmasonicamundial.org\/umm\/wp-json\/wp\/v2\/media?parent=676"}],"wp:term":[{"taxonomy":"category","embeddable":true,"href":"https:\/\/unionmasonicamundial.org\/umm\/wp-json\/wp\/v2\/categories?post=676"},{"taxonomy":"post_tag","embeddable":true,"href":"https:\/\/unionmasonicamundial.org\/umm\/wp-json\/wp\/v2\/tags?post=676"}],"curies":[{"name":"wp","href":"https:\/\/api.w.org\/{rel}","templated":true}]}}