{"id":535,"date":"2021-12-31T14:35:11","date_gmt":"2021-12-31T14:35:11","guid":{"rendered":"https:\/\/unionmasonicamundial.org\/umm\/?p=535"},"modified":"2021-12-31T14:35:11","modified_gmt":"2021-12-31T14:35:11","slug":"tavola-architettonica-di-fine-anno-2021","status":"publish","type":"post","link":"https:\/\/unionmasonicamundial.org\/umm\/blog\/2021\/12\/31\/tavola-architettonica-di-fine-anno-2021\/","title":{"rendered":"Tavola Architettonica di fine anno 2021"},"content":{"rendered":"\n<p>Tavola Architettonica di fine anno 2021<\/p>\n\n\n\n<p>Ven.mi e Pot.mi Sovrani Gran Commendatori<\/p>\n\n\n\n<p>Ven.mi e Pot.mi Gran Maestri<\/p>\n\n\n\n<p>El.mi e Pot.mi Sovrani Grandi Ispettori Generali<\/p>\n\n\n\n<p>El.mi Delegati Magistrali<\/p>\n\n\n\n<p>El.mi Grandi Ufficiali e Dignitari<\/p>\n\n\n\n<p>Rispett.mi Maestri Venerabili<\/p>\n\n\n\n<p>Sorelle e Fratelli delle Comunioni aderenti, ovunque voi siate.<\/p>\n\n\n\n<p>Come detto nella mia tavola architettonica della tornata celebrativa del Solstizio d\u2019inverno della Unione Logge Sovrane del Mediterraneo, nubi grigie si addensano nel cielo della nostra Patria ed oggi, pi\u00f9 che mai, assistiamo ad una pericolosa deriva della libert\u00e0 e la stessa cosa sembra stia accadendo anche in altri paesi europei ed extra europei.<\/p>\n\n\n\n<p>Stiamo vivendo momenti di follia collettiva e i diritti garantiti dalla nostra Costituzione vengono quotidianamente calpestati nel tentativo di arginare una \u201cpandemia\u201d (causata ad arte), con rimedi propri dei paesi da \u201cquarto mondo\u201d e con provvedimenti contradditori e inefficaci, che dimostrano impreparazione, pressapochismo e ignoranza da parte di coloro che <em>\u201cdicono di governare\u201d<\/em> il nostro paese ma che in realt\u00e0 pensano solo al proprio tornaconto personale al servizio dei potentati occulti dell\u2019alta finanza internazionale e delle multinazionali del farmaco.<\/p>\n\n\n\n<p>Come gi\u00e0 ricordato, ogni giorno ci rammentano i numeri dei morti a causa del Covid e la gente ci crede; crede alla bont\u00e0 delle scelte del governo e alla correttezza dei protocolli medici usati per debellare il virus, ma non \u00e8 cos\u00ec.<\/p>\n\n\n\n<p>Proibire le autopsie e tenere le persone contagiate in vigile attesa, assumendo tachipirina, \u00e8 stato il pi\u00f9 grosso errore sanitario compiuto dalla classe dirigente, perch\u00e9 ha mandato al macello migliaia di cittadini, morti senza una valida ragione scientifica.<\/p>\n\n\n\n<p>Pretendere la firma di una liberatoria per l\u2019inoculazione forzata di un siero sperimentale (che non pu\u00f2 essere definito vaccino) serve a garantire immunit\u00e0 a chi lo produce e a chi lo inietta, liberando lo Stato da ogni obbligo risarcitorio in caso di effetti negativi correlati; effetti che non vengono mai riconosciuti come tali, nonostante che, secondo le statistiche, dal primo gennaio, al 31 agosto 2021, in Italia sono morte, senza alcuna apparente ragione, 142.000 persone.<\/p>\n\n\n\n<p>Gli ultimi provvedimenti legislativi, in aperto contrasto con le norme costituzionali, hanno creato nel nostro paese una forma di apartheid, dividendo i cittadini tra vaccinati (che godono di tutti i diritti anche se portatori di contagio) e i non inoculati (considerati al pari dei paria) e sta passando nella pubblica opinione il concetto che il non vaccinato, sano, infetta chi dovrebbe essere immune per aver assunto due o pi\u00f9 dosi del salvifico siero della \u201cgiovinezza eterna\u201d.<\/p>\n\n\n\n<p>I fatti stanno dimostrando il contrario e coloro che ci governano stanno comprimendo le nostre libert\u00e0 a forza di leggi approvate con la fiducia e avallate dal un Presidente della Repubblica, che sta venendo meno al suo ruolo di difensore della Costituzione e della unit\u00e0 del Popolo Italiano.<\/p>\n\n\n\n<p>Come massoni abbiamo giurato di rispettare le leggi dello Stato a cui apparteniamo, ma abbiamo conservato il diritto\/dovere di criticarle, quando queste violano le libert\u00e0 sacrosante dei cittadini, perch\u00e9 non vi possono essere uguaglianza e fratellanza senza libert\u00e0.<\/p>\n\n\n\n<p>Noi non intendiamo favorire rivolte armate perch\u00e9 non \u00e8 nel nostro costume, ma proponiamo ai nostri fratelli e agli uomini di buona volont\u00e0 di porre in essere una rivolta silenziosa e pacifica, proprio come fece Gandhi quanto, sfidando il potere inglese, invit\u00f2 l\u2019India ad astenersi dal lavoro per raccogliersi in preghiera.<\/p>\n\n\n\n<p>Invito, quindi, tutti a:<\/p>\n\n\n\n<p>a) Non acquistare i giornali foraggiati dal sistema e non pi\u00f9 garanti della libera espressione del pensiero.<\/p>\n\n\n\n<p>Infatti, calando le tirature, caleranno i proventi pubblicitari e i pennaioli venduti al sistema capiranno che la libert\u00e0 di pensiero e sacra e va difesa ad ogni costo.<\/p>\n\n\n\n<p>b) Spegnere la televisione, cos\u00ec croller\u00e0 l\u2019audience, e capiranno che intanto hanno una platea (nonostante i programmi spazzatura) in quanto garantiscono il pluralismo nella informazione.<\/p>\n\n\n\n<p>c) Coloro costretti, per legge, ad assumere il siero salvifico dovrebbero astenersi dal lavoro e raccogliersi in meditazione, cos\u00ec si fermeranno i servizi essenziali e coloro che ci governano capiranno che, ormai, non rappresentano pi\u00f9 nemmeno se stessi.<\/p>\n\n\n\n<p>Infatti, si parla ogni giorno di democrazia, ma \u00e8 sempre pi\u00f9 evidente che siamo di fronte ad una <strong>\u201ccrazia\u201d<\/strong>, cio\u00e8 ad un potere senza popolo e, al riguardo, sarebbe opportuno sapere quando torneremo a votare per eleggere un parlamento che rappresenti veramente gli orientamenti del popolo sovrano e che non sia obbligato a voti di fiducia, pur di mantenere il di dietro incollato alla poltrona.<\/p>\n\n\n\n<p>d) Denunciare alla magistratura ogni limitazione delle libert\u00e0 individuali nella speranza che qualche giudice si svegli e si ricordi di essere garante della legge.<\/p>\n\n\n\n<p>Nonostante tutto siamo ancora convinti di poter reclamare i nostri diritti davanti ad una magistratura seria, professionale, preparata e non affidare la nostra vita ed i nostri averi a soggetti improvvisati, membri di questa o quella cordata, che fanno carriera, occupando posti prestigiosi, non per meriti professionali, ma solo perch\u00e9 sponsorizzati da correnti politicizzate, che nulla hanno a che fare con la tanto decantata meritocrazia.<\/p>\n\n\n\n<p>Forse siamo dei sognatori, ma diamo ancora una volta la nostra fiducia ai giudici sperando che ne facciano buon uso per il bene della nostra Patria e della intera umanit\u00e0.<\/p>\n\n\n\n<p>L\u2019anno che si chiude non \u00e8 stato dei migliori, ma guadiamo all\u2019anno che verr\u00e0 e, rimanendo uniti, decisi a lottare per la libert\u00e0 dell\u2019Uomo, saremo destinati alla vittoria.<\/p>\n\n\n\n<p>Dobbiamo tutti impegnarci, in Italia, come negli altri Paesi, a lottare contro le forze del male, perch\u00e9 uniti si vince e noi vogliamo \u2026\u2026vincere!<\/p>\n\n\n\n<p>Tanti auguri di Buon Anno a tutti con un forte triplice fraterno abbraccio.<\/p>\n\n\n\n<p>Fernando Rucci<\/p>\n\n\n\n<p>S.G.C. Unione Logge Sovrane del Mediterraneo<\/p>\n\n\n\n<p>Presidente Alleanza Universale Massonica<\/p>\n","protected":false},"excerpt":{"rendered":"<p>Tavola Architettonica di fine anno 2021 Ven.mi e Pot.mi Sovrani Gran Commendatori Ven.mi e Pot.mi Gran Maestri El.mi e Pot.mi Sovrani Grandi Ispettori Generali El.mi Delegati Magistrali El.mi Grandi Ufficiali e Dignitari Rispett.mi Maestri Venerabili Sorelle e Fratelli delle Comunioni aderenti, ovunque voi siate. Come detto nella mia tavola architettonica della tornata celebrativa del Solstizio [&hellip;]<\/p>\n","protected":false},"author":1,"featured_media":536,"comment_status":"open","ping_status":"open","sticky":false,"template":"","format":"standard","meta":{"footnotes":""},"categories":[35],"tags":[],"class_list":["post-535","post","type-post","status-publish","format-standard","has-post-thumbnail","hentry","category-balaustres"],"_links":{"self":[{"href":"https:\/\/unionmasonicamundial.org\/umm\/wp-json\/wp\/v2\/posts\/535","targetHints":{"allow":["GET"]}}],"collection":[{"href":"https:\/\/unionmasonicamundial.org\/umm\/wp-json\/wp\/v2\/posts"}],"about":[{"href":"https:\/\/unionmasonicamundial.org\/umm\/wp-json\/wp\/v2\/types\/post"}],"author":[{"embeddable":true,"href":"https:\/\/unionmasonicamundial.org\/umm\/wp-json\/wp\/v2\/users\/1"}],"replies":[{"embeddable":true,"href":"https:\/\/unionmasonicamundial.org\/umm\/wp-json\/wp\/v2\/comments?post=535"}],"version-history":[{"count":1,"href":"https:\/\/unionmasonicamundial.org\/umm\/wp-json\/wp\/v2\/posts\/535\/revisions"}],"predecessor-version":[{"id":537,"href":"https:\/\/unionmasonicamundial.org\/umm\/wp-json\/wp\/v2\/posts\/535\/revisions\/537"}],"wp:featuredmedia":[{"embeddable":true,"href":"https:\/\/unionmasonicamundial.org\/umm\/wp-json\/wp\/v2\/media\/536"}],"wp:attachment":[{"href":"https:\/\/unionmasonicamundial.org\/umm\/wp-json\/wp\/v2\/media?parent=535"}],"wp:term":[{"taxonomy":"category","embeddable":true,"href":"https:\/\/unionmasonicamundial.org\/umm\/wp-json\/wp\/v2\/categories?post=535"},{"taxonomy":"post_tag","embeddable":true,"href":"https:\/\/unionmasonicamundial.org\/umm\/wp-json\/wp\/v2\/tags?post=535"}],"curies":[{"name":"wp","href":"https:\/\/api.w.org\/{rel}","templated":true}]}}