{"id":522,"date":"2021-10-21T13:50:25","date_gmt":"2021-10-21T13:50:25","guid":{"rendered":"https:\/\/unionmasonicamundial.org\/umm\/?p=522"},"modified":"2021-10-21T13:50:25","modified_gmt":"2021-10-21T13:50:25","slug":"a-maconaria-no-seculo-xxi","status":"publish","type":"post","link":"https:\/\/unionmasonicamundial.org\/umm\/blog\/2021\/10\/21\/a-maconaria-no-seculo-xxi\/","title":{"rendered":"A Ma\u00e7onaria no s\u00e9culo XXI"},"content":{"rendered":"\n<p><strong>AL<\/strong><strong><em>:.<\/em><\/strong><strong>G<\/strong><strong><em>:.<\/em><\/strong><strong>D<\/strong><strong><em>:.<\/em><\/strong><strong>G<\/strong><strong><em>:.<\/em><\/strong><strong>A<\/strong><strong><em>:.<\/em><\/strong><strong>D<\/strong><strong><em>:.<\/em><\/strong><strong>U<\/strong><strong><em>:.<\/em><\/strong><\/p>\n\n\n\n<p>Valle de Asunci\u00f3n, 16 de octubre del 2021 e:.v:.<\/p>\n\n\n\n<p>IPH Ricardo Romero director Ejecutivo de la Uni\u00f3n Mas\u00f3nica Mundial U.M.M&nbsp;<\/p>\n\n\n\n<p>MIPH: Gran Canciller Richard Marty&nbsp;<\/p>\n\n\n\n<p>IPH Canciller por Europa Uni\u00f3n Mas\u00f3nica Mundial Filippo Gammicchia&nbsp;<\/p>\n\n\n\n<p>IIPPHH: Cancilleres todos<\/p>\n\n\n\n<p>IIPPHH: Embajadores de los distintos pa\u00edses miembro UMM&nbsp;<\/p>\n\n\n\n<p>IPH: Embajador por el Paraguay y Coordinador&nbsp; Ejecutivo del Congreso V\u00edctor Manuel Ramos&nbsp;<\/p>\n\n\n\n<p>IIPPHH Soberanos<\/p>\n\n\n\n<p>SGC Supremo Consejo Occidental Tradicional Inici\u00e1tico del Paraguay Grado 33 REAA Pedro Mareco<\/p>\n\n\n\n<p>Grandes Inspectores Generales de la Orden visitantes y QQHHTT en sus respectivos grados y responsabilidades.<\/p>\n\n\n\n<p><strong>A Ma\u00e7onaria no s\u00e9culo XXI<\/strong><\/p>\n\n\n\n<p>Cabe lembrar que, apesar de todo o seu passado glorioso e ainda figurar no rol das organiza\u00e7\u00f5es que se destacam no cen\u00e1rio mundial, a Ma\u00e7onaria, tal como v\u00e1rias outras institui\u00e7\u00f5es tradicionais, t\u00eam pela frente o desafio de conviver com as turbul\u00eancias trazidas com o advento da p\u00f3s-modernidade. De que forma uma organiza\u00e7\u00e3o t\u00e3o rica em tradi\u00e7\u00f5es e alicer\u00e7ada sobre s\u00f3lidos princ\u00edpios morais, dar\u00e1 conta de singrar os mares tormentosos destes tempos p\u00f3s-modernos, nos quais tudo \u00e9 posto em xeque, das institui\u00e7\u00f5es \u00e0s cren\u00e7as? Como lidar como o novo, sem abrir m\u00e3o de seus princ\u00edpios e prop\u00f3sitos?<\/p>\n\n\n\n<p>Passou j\u00e1 a segunda d\u00e9cada do s\u00e9culo XXI e nascem em demasia as interroga\u00e7\u00f5es,&nbsp;&nbsp;sobre um mundo que j\u00e1 mostrou ser cheio de surpresas e inesperadas dores, como o acidente na Central de Fukushima a 11 de mar\u00e7o de 2011, e agora o Covid-19!<\/p>\n\n\n\n<p>No seu percurso terreno a Humanidade tem aumentado a sua \u00e2nsia de dom\u00ednio sobre a mat\u00e9ria, gra\u00e7as ao um engenho crescente e a muitos demasiados at\u00e9 desastres.&nbsp;<\/p>\n\n\n\n<p>Na realidade, as institui\u00e7\u00f5es em causa n\u00e3o poucas vezes foram dominadas por conservadores, mais interessados em manter o conhecimento intacto que em desenvolv\u00ea-lo limitando-se a repetir formulas e at\u00e9 a macaquear gestos j\u00e1 sem significado, e tratados como tal, bloqueando&nbsp;&nbsp;o pensamento livre em nome da ortodoxia do saber antigo.<\/p>\n\n\n\n<p>Para manter esse controle, o conhecimento exterior foi condenado e perseguido, por vezes at\u00e9 com nobres inten\u00e7\u00f5es, de modo a preservar a heran\u00e7a dos mestres do passado.<\/p>\n\n\n\n<p>Refor\u00e7ada a influ\u00eancia pelos s\u00e9culos VIII \/ IX, no s\u00e9culo XVI a Renascen\u00e7a faz nascer no homem europeu \u00e0 curiosidade, o desejo da descoberta, a coragem de desafiar os limites, as ideias feitas, os preceitos antigos havendo claro quem pagasse com a vida essa ousadia, mas gerando forte din\u00e2mica primeira no Saber, mas depois nos campos pol\u00edticos, sociais e econ\u00f4micos!<\/p>\n\n\n\n<p>Os poderosos institu\u00eddos, retr\u00f3grados, procuraram retardar esse renascimento do homem de ideias livres e pensamento aut\u00f3nomo, mas o movimento era demasiado poderoso e generalizado para ser reprim\u00edvel e nas artes, nas ci\u00eancias, na religi\u00e3o, na pol\u00edtica e no mar, nascia o homem moderno.<\/p>\n\n\n\n<p>As Ma\u00e7onarias&nbsp;&nbsp;e as suas equivalentes lideraram e ou participaram neste movimento, ensinando e formando homens de pensamento livre e esp\u00edrito cr\u00edtico, subordinados apenas a um Deus liberto de igrejas e ou seitas e \u00e0 Humanidade<em>.<\/em><\/p>\n\n\n\n<p>Por isso na Europa e na Am\u00e9rica, os ma\u00e7ons estimularam o pensamento cient\u00edfico, a liberdade de pensamento, a liberdade de religi\u00e3o, a liberdade de com\u00e9rcio, a igualdade pol\u00edtica, as nacionalidades,&nbsp;&nbsp;a fraternidade e a justi\u00e7a social e delas nasceram at\u00e9 os movimentos sindical\/trabalhista<\/p>\n\n\n\n<p>E agora uma sociedade crescentemente&nbsp;&nbsp;aberta numa via de liberdade plena, o conhecimento, o saber cient\u00edfico, o ensino e o exerc\u00edcio da t\u00e9cnica libertaram-se tamb\u00e9m passando a ser n\u00e3o inici\u00e1ticos, a ser enfim exot\u00e9ricos.<\/p>\n\n\n\n<p>No mundo hodierno, os ma\u00e7ons s\u00f3 podem sentir larga satisfa\u00e7\u00e3o do contributo que deram para a sua g\u00e9nese, mas para muitos ma\u00e7ons a sua miss\u00e3o mal come\u00e7ou, pelo que o futuro ser\u00e1 gravido de desafios.<\/p>\n\n\n\n<p>Hoje a Pessoa disp\u00f5e de um poder como nunca&nbsp;&nbsp;sobre a vida e a morte de bili\u00f5es de seres, sobre a estabilidade da vida na Terra, sobre o desenvolvimento dos animais e vegetais ou minerais sobre os seus pr\u00f3prios elementos gen\u00e9ticos, sobre a heran\u00e7a que restar\u00e1 para as gera\u00e7\u00f5es futuras.&nbsp;<\/p>\n\n\n\n<p>E esta Pessoa que n\u00e3o se pode entender um Deus de outros ou de si pr\u00f3prio, ou possuidor do poder total, curiosamente ou vive envolvido pelo Medo da doen\u00e7a, da pobreza, da velhice, da obesidade, do desemprego, da impot\u00eancia, do e da companheira\/o, e pelo supremo medo da morte, sente o peso como nunca da ignor\u00e2ncia&nbsp;<\/p>\n\n\n\n<p>Como vemos com o Covid-19 o nosso destino, e o de toda a Cria\u00e7\u00e3o na Terra, continua nas m\u00e3os de poderosos irrespons\u00e1veis infantiloides.&nbsp;<\/p>\n\n\n\n<p>\u00c9, pois dever dos Ma\u00e7ons o bater-se para que os governos e as&nbsp;&nbsp;institui\u00e7\u00f5es de Saber, das organiza\u00e7\u00f5es pol\u00edticas e de forma geral das institui\u00e7\u00f5es ligadas ao poder, seja ocupado por homens respons\u00e1veis, de boa forma\u00e7\u00e3o moral e social, com consci\u00eancia dos deveres que t\u00eam para consigo pr\u00f3prios, para com a Humanidade e para com o GADU, o Grande Arquiteto do Universo.<\/p>\n\n\n\n<p>H\u00e1, pois que refletir quanto \u00e0 responsabilidade que o Saber transporta, mas sem fanatismo medievalismos, sobre os limites do seu exerc\u00edcio, sobre a \u00c9tica dos seus detentores. Sobre os mecanismos de preven\u00e7\u00e3o e defesa contra o abuso do Saber, e o absoluto respeito pela Liberdade e pelas liberdades.&nbsp;<\/p>\n\n\n\n<p>E sempre refletir sobre o que \u00e9 o Saber e como o usar para melhorar a vida de todas as Pessoas aumentando na Terra a Paz, a Beleza, a Alegria, a Fraternidade e a Diversidade<em>.<\/em><\/p>\n\n\n\n<p>Tem, pois de haver Ma\u00e7onarias no s\u00e9culo XXI, mas uma Ma\u00e7onaria para estes Saberes Hodiernos.&nbsp;<\/p>\n\n\n\n<p>Ricardo Saliba Urbano 9\u00ba 13\u00ba 25\u00ba 33\u00ba MR KPT<\/p>\n\n\n\n<p>Soberano Gr\u00e3o Mestre do GOMB<\/p>\n\n\n\n<p>Gr\u00e3o Prior da Suprema Grande Capela dos Cavaleiros de Jerusal\u00e9m<\/p>\n\n\n\n<p>Grande Secretario Geral do Santo Imp\u00e9rio do Supremo Conselho Filos\u00f3fico do Brasil&nbsp;<\/p>\n\n\n\n<p><strong>AL<\/strong><strong><em>:.<\/em><\/strong><strong>G<\/strong><strong><em>:.<\/em><\/strong><strong>D<\/strong><strong><em>:.<\/em><\/strong><strong>G<\/strong><strong><em>:.<\/em><\/strong><strong>A<\/strong><strong><em>:.<\/em><\/strong><strong>D<\/strong><strong><em>:.<\/em><\/strong><strong>U<\/strong><strong><em>:.<\/em><\/strong><\/p>\n\n\n\n<p>Valle de Asunci\u00f3n, 16 de octubre del 2021 e:.v:.<\/p>\n\n\n\n<p>IPH Ricardo Romero director Ejecutivo de la Uni\u00f3n Mas\u00f3nica Mundial U.M.M&nbsp;<\/p>\n\n\n\n<p>MIPH: Gran Canciller Richard Marty&nbsp;<\/p>\n\n\n\n<p>IPH Canciller por Europa Uni\u00f3n Mas\u00f3nica Mundial Filippo Gammicchia&nbsp;<\/p>\n\n\n\n<p>IIPPHH: Cancilleres todos<\/p>\n\n\n\n<p>IIPPHH: Embajadores de los distintos pa\u00edses miembro UMM&nbsp;<\/p>\n\n\n\n<p>IPH: Embajador por el Paraguay y Coordinador&nbsp; Ejecutivo del Congreso V\u00edctor Manuel Ramos&nbsp;<\/p>\n\n\n\n<p>IIPPHH Soberanos<\/p>\n\n\n\n<p>SGC Supremo Consejo Occidental Tradicional Inici\u00e1tico del Paraguay Grado 33 REAA Pedro Mareco<\/p>\n\n\n\n<p>Grandes Inspectores Generales de la Orden visitantes y QQHHTT en sus respectivos grados y responsabilidades.<\/p>\n\n\n\n<p><strong>Espa\u00f1ol<\/strong><\/p>\n\n\n\n<p><strong>La masoner\u00eda en el siglo 21<\/strong><\/p>\n\n\n\n<p>Vale la pena recordar que, a pesar de todo su glorioso pasado y a\u00fan apareciendo en la lista de organizaciones que se destacan en el escenario mundial, la masoner\u00eda, como varias otras instituciones tradicionales, enfrenta el desaf\u00edo de vivir con las turbulencias provocadas con el advenimiento de la posmodernidad. \u00bfC\u00f3mo puede una organizaci\u00f3n tan rica en tradiciones y fundada en s\u00f3lidos principios morales, ser capaz de ver los mares tormentosos de estos tiempos posmodernos, en los que todo se pone en cuesti\u00f3n, desde las instituciones hasta las creencias? \u00bfC\u00f3mo tratar como lo nuevo, sin renunciar a sus principios y prop\u00f3sitos?<\/p>\n\n\n\n<p>La segunda d\u00e9cada del siglo 21 ha pasado y las preguntas nacen demasiado sobre un mundo que ya ha demostrado estar lleno de sorpresas y dolores inesperados, como el accidente en la planta de Fukushima el 11 de marzo de 2011, \u00a1y ahora Covid-19!<\/p>\n\n\n\n<p>En su viaje terrenal, la humanidad ha aumentado su af\u00e1n por dominar la materia, gracias a un ingenio creciente y demasiados desastres.&nbsp;<\/p>\n\n\n\n<p>De hecho, las instituciones en cuesti\u00f3n a menudo han estado dominadas por conservadores, m\u00e1s interesados en mantener intacto el conocimiento que en desarrollarlo simplemente repitiendo f\u00f3rmulas e incluso gestos macaqueares ya sin sentido, y tratados como tales, bloqueando el pensamiento libre en nombre de la ortodoxia del conocimiento antiguo.<\/p>\n\n\n\n<p>Para mantener este control, el conocimiento externo fue condenado y perseguido, a veces incluso con nobles intenciones, con el fin de preservar la herencia de los amos del pasado.<\/p>\n\n\n\n<p>Reforzado la influencia por los siglos 8 \/ 9, en el siglo XVI el Renacimiento da a luz en el hombre europeo a la curiosidad, el deseo de descubrimiento, el coraje de desafiar los l\u00edmites, las ideas hechas, los preceptos antiguos teniendo claro qui\u00e9n pag\u00f3 con la vida esta audacia, pero generando fuertes din\u00e1micas primero en el Conocimiento, pero luego en los campos pol\u00edticos, social y econ\u00f3mico!<\/p>\n\n\n\n<p>Los poderosos instituidos, retr\u00f3grados, buscaron retrasar este renacimiento del hombre de ideas libres y pensamiento aut\u00f3nomo, pero el movimiento era demasiado poderoso y extendido para ser represible y en las artes, las ciencias, la religi\u00f3n, la pol\u00edtica y el mar, naci\u00f3 el hombre moderno.<\/p>\n\n\n\n<p>La masoner\u00eda y sus equivalentes dirigieron y\/o participaron en este movimiento, ense\u00f1ando y entrenando a hombres de libre pensamiento y esp\u00edritu cr\u00edtico, subordinados solo a un Dios liberado de iglesias y\/o sectas y a la humanidad..<\/p>\n\n\n\n<p>Es por eso que en Europa y Am\u00e9rica, los masones han estimulado el pensamiento cient\u00edfico, la libertad de pensamiento, la libertad de religi\u00f3n, la libertad de comercio, la igualdad pol\u00edtica, las nacionalidades, la fraternidad y la justicia social, e incluso han nacido los movimientos sindicales \/ laborales.<\/p>\n\n\n\n<p>Y ahora una sociedad cada vez m\u00e1s abierta en un camino de plena libertad, el conocimiento, el conocimiento cient\u00edfico, la ense\u00f1anza y el ejercicio de la t\u00e9cnica tambi\u00e9n se han liberado para ser no educativos, siendo finalmente exot\u00e9ricos.<\/p>\n\n\n\n<p>En el mundo de hoy, los masones solo pueden sentir una gran satisfacci\u00f3n por la contribuci\u00f3n que han hecho a su g\u00e9nesis, pero para muchos masones su misi\u00f3n apenas ha comenzado, por lo que el futuro ser\u00e1 lleno de desaf\u00edos.<\/p>\n\n\n\n<p>Hoy la Persona tiene un poder como nunca antes sobre la vida y muerte de miles de millones de seres, sobre la estabilidad de la vida en la Tierra, sobre el desarrollo de animales y vegetales o minerales sobre sus propios elementos gen\u00e9ticos, sobre la herencia que quedar\u00e1 para las generaciones futuras.&nbsp;<\/p>\n\n\n\n<p>Y esta Persona que no puede entender a un Dios de los dem\u00e1s o de s\u00ed mismo, o que posee un poder total, curiosamente o vive involucrado por el Miedo a la enfermedad, la pobreza, la vejez, la obesidad, el desempleo, la impotencia y el compa\u00f1ero, y por el miedo supremo a la muerte, siente el peso como nunca de la ignorancia.&nbsp;<\/p>\n\n\n\n<p>Como vemos con el Covid-19 nuestro destino, y el de toda la Creaci\u00f3n en la Tierra, sigue en manos de poderosos irresponsables infantiles.&nbsp;<\/p>\n\n\n\n<p>Es, por tanto, deber de los masones ser de deber para que los gobiernos e instituciones del Conocimiento, de las organizaciones pol\u00edticas y en general de las instituciones vinculadas al poder, est\u00e9n ocupados por hombres responsables, de buena formaci\u00f3n moral y social, conscientes de los deberes que tienen para s\u00ed mismos, para la humanidad y para GADU, el gran arquitecto del universo.<\/p>\n\n\n\n<p>H\u00e1, pois que refletir quanto \u00e0 responsabilidade que o Saber transporta, mas sem fanatismo medievalismos, sobre os limites do seu exerc\u00edcio, sobre a \u00c9tica dos seus detentores. Sobre os mecanismos de preven\u00e7\u00e3o e defesa contra o abuso do Saber, e o absoluto respeito pela Liberdade e pelas liberdades.&nbsp;<\/p>\n\n\n\n<p>E sempre refletir sobre o que \u00e9 o Saber e como o usar para melhorar a vida de todas as Pessoas aumentando na Terra a Paz, a Beleza, a Alegria, a Fraternidade e a Diversidade.<\/p>\n\n\n\n<p>Tem, pois de haver Ma\u00e7onarias no s\u00e9culo XXI, mas uma Ma\u00e7onaria para estes Saberes Hodiernos.&nbsp;<\/p>\n\n\n\n<p>Ricardo Saliba Urbano 9\u00ba 13\u00ba 25\u00ba 33\u00ba MR KPT<\/p>\n\n\n\n<p>Soberano Gr\u00e3o Mestre do GOMB<\/p>\n\n\n\n<p>Gr\u00e3o Prior da Suprema Grande Capela dos Cavaleiros de Jerusal\u00e9m<\/p>\n\n\n\n<p>Grande Secretario Geral do Santo Imp\u00e9rio do Supremo Conselho Filos\u00f3fico do Brasil<\/p>\n\n\n\n<p><strong>AL<\/strong><strong><em>:.<\/em><\/strong><strong>G<\/strong><strong><em>:.<\/em><\/strong><strong>D<\/strong><strong><em>:.<\/em><\/strong><strong>G<\/strong><strong><em>:.<\/em><\/strong><strong>A<\/strong><strong><em>:.<\/em><\/strong><strong>D<\/strong><strong><em>:.<\/em><\/strong><strong>U<\/strong><strong><em>:.<\/em><\/strong><\/p>\n\n\n\n<p>Valle de Asunci\u00f3n, 16 de octubre del 2021 e:.v:.<\/p>\n\n\n\n<p>IPH Ricardo Romero director Ejecutivo de la Uni\u00f3n Mas\u00f3nica Mundial U.M.M&nbsp;<\/p>\n\n\n\n<p>MIPH: Gran Canciller Richard Marty&nbsp;<\/p>\n\n\n\n<p>IPH Canciller por Europa Uni\u00f3n Mas\u00f3nica Mundial Filippo Gammicchia&nbsp;<\/p>\n\n\n\n<p>IIPPHH: Cancilleres todos<\/p>\n\n\n\n<p>IIPPHH: Embajadores de los distintos pa\u00edses miembro UMM&nbsp;<\/p>\n\n\n\n<p>IPH: Embajador por el Paraguay y Coordinador&nbsp; Ejecutivo del Congreso V\u00edctor Manuel Ramos&nbsp;<\/p>\n\n\n\n<p>IIPPHH Soberanos<\/p>\n\n\n\n<p>SGC Supremo Consejo Occidental Tradicional Inici\u00e1tico del Paraguay Grado 33 REAA Pedro Mareco<\/p>\n\n\n\n<p>Grandes Inspectores Generales de la Orden visitantes y QQHHTT en sus respectivos grados y responsabilidades.<\/p>\n\n\n\n<p><strong>Franc\u00eas<\/strong><\/p>\n\n\n\n<p>Il convient de rappeler que, malgr\u00e9 tout son pass\u00e9 glorieux et apparaissant toujours sur la liste des organisations qui se d\u00e9marquent sur la sc\u00e8ne mondiale, la franc-ma\u00e7onnerie, comme plusieurs autres institutions traditionnelles, est confront\u00e9e au d\u00e9fi de vivre avec les turbulences caus\u00e9es par l\u2019av\u00e8nement de la postmodernit\u00e9. Comment une organisation si riche en traditions et fond\u00e9e sur de solides principes moraux peut-elle voir les mers orageuse de ces temps postmodernes, o\u00f9 tout est remis en question, des institutions aux croyances ? Comment traiter comme le nouveau, sans renoncer \u00e0 ses principes et \u00e0 ses objectifs?<\/p>\n\n\n\n<p>La deuxi\u00e8me d\u00e9cennie du 21\u00e8me si\u00e8cle est pass\u00e9e et des questions sont trop n\u00e9es sur un monde qui s\u2019est d\u00e9j\u00e0 av\u00e9r\u00e9 plein de surprises et de douleurs inattendues, comme l\u2019accident de la centrale de Fukushima le 11 mars 2011, et maintenant Covid-19!<\/p>\n\n\n\n<p>Dans son voyage terrestre, l\u2019humanit\u00e9 a accru son empressement \u00e0 dominer la mati\u00e8re, gr\u00e2ce \u00e0 une ing\u00e9niosit\u00e9 croissante et \u00e0 trop de catastrophes.&nbsp;<\/p>\n\n\n\n<p>En fait, les institutions en question ont souvent \u00e9t\u00e9 domin\u00e9es par des conservateurs, plus int\u00e9ress\u00e9s \u00e0 garder la connaissance intacte qu\u2019\u00e0 la d\u00e9velopper simplement en r\u00e9p\u00e9tant des formules et m\u00eame des gestes Macaquear d\u00e9j\u00e0 d\u00e9nu\u00e9s de sens, et trait\u00e9s comme tels, bloquant la libre pens\u00e9e au nom de l\u2019orthodoxie de la connaissance ancienne.<\/p>\n\n\n\n<p>Pour maintenir ce contr\u00f4le, les connaissances ext\u00e9rieures ont \u00e9t\u00e9 condamn\u00e9es et pers\u00e9cut\u00e9es, parfois m\u00eame avec de nobles intentions, afin de pr\u00e9server l\u2019h\u00e9ritage des ma\u00eetres du pass\u00e9.<\/p>\n\n\n\n<p>Reforzado la influencia por los siglos 8 \/ 9, en el siglo XVI el Renacimiento da a luz en el hombre europeo a la curiosidad, el deseo de descubrimiento, el coraje de desafiar los l\u00edmites, las ideas hechas, los preceptos antiguos teniendo claro qui\u00e9n pag\u00f3 con la vida esta audacia, pero generando fuertes din\u00e1micas primero en el Conocimiento, pero luego en los campos pol\u00edticos, social y econ\u00f3mico!<\/p>\n\n\n\n<p>Los poderosos instituidos, retr\u00f3grados, buscaron retrasar este renacimiento del hombre de ideas libres y pensamiento aut\u00f3nomo, pero el movimiento era demasiado poderoso y extendido para ser represible y en las artes, las ciencias, la religi\u00f3n, la pol\u00edtica y el mar, naci\u00f3 el hombre moderno.<\/p>\n\n\n\n<p>La masoner\u00eda y sus equivalentes dirigieron y\/o participaron en este movimiento, ense\u00f1ando y entrenando a hombres de libre pensamiento y esp\u00edritu cr\u00edtico, subordinados solo a un Dios liberado de iglesias y\/o sectas y a la humanidad..<\/p>\n\n\n\n<p>Es por eso que en Europa y Am\u00e9rica, los masones han estimulado el pensamiento cient\u00edfico, la libertad de pensamiento, la libertad de religi\u00f3n, la libertad de comercio, la igualdad pol\u00edtica, las nacionalidades, la fraternidad y la justicia social, e incluso han nacido los movimientos sindicales \/ laborales.<\/p>\n\n\n\n<p>Y ahora una sociedad cada vez m\u00e1s abierta en un camino de plena libertad, el conocimiento, el conocimiento cient\u00edfico, la ense\u00f1anza y el ejercicio de la t\u00e9cnica tambi\u00e9n se han liberado para ser no educativos, siendo finalmente exot\u00e9ricos.<\/p>\n\n\n\n<p>Dans le monde d\u2019aujourd\u2019hui, les francs-ma\u00e7ons ne peuvent que ressentir une grande satisfaction pour la contribution qu\u2019ils ont apport\u00e9e \u00e0 leur gen\u00e8se, mais pour beaucoup de francs-ma\u00e7ons, leur mission a \u00e0 peine commenc\u00e9, de sorte que l\u2019avenir sera plein de d\u00e9fis.<\/p>\n\n\n\n<p>Aujourd\u2019hui, la Personne a un pouvoir comme jamais auparavant sur la vie et la mort de milliards d\u2019\u00eatres, sur la stabilit\u00e9 de la vie sur Terre, sur le d\u00e9veloppement des animaux et des plantes ou des min\u00e9raux sur leurs propres \u00e9l\u00e9ments g\u00e9n\u00e9tiques, sur l\u2019h\u00e9ritage qui restera pour les g\u00e9n\u00e9rations futures.&nbsp;<\/p>\n\n\n\n<p>Et cette personne qui ne peut pas comprendre un Dieu des autres ou d\u2019elle-m\u00eame, ou qui poss\u00e8de un pouvoir total, curieusement ou des vies impliqu\u00e9es par la peur de la maladie, la pauvret\u00e9, la vieillesse, l\u2019ob\u00e9sit\u00e9, le ch\u00f4mage, l\u2019impuissance et le compagnon, et par la peur supr\u00eame de la mort, ressent le poids comme jamais auparavant de l\u2019ignorance.&nbsp;<\/p>\n\n\n\n<p>Comme nous le voyons avec le Covid-19, notre destin, et celui de toute la Cr\u00e9ation sur Terre, reste entre les mains de puissants enfants irresponsables.&nbsp;<\/p>\n\n\n\n<p>Il est donc du devoir des francs-ma\u00e7ons d\u2019\u00eatre de devoir pour que les gouvernements et les institutions de la Connaissance, des organisations politiques et en g\u00e9n\u00e9ral des institutions li\u00e9es au pouvoir, soient occup\u00e9s par des hommes responsables, de bonne formation morale et sociale, conscients des devoirs qu\u2019ils ont pour eux-m\u00eames, pour l\u2019humanit\u00e9 et pour les GADU, le grand architecte de l\u2019univers.<\/p>\n\n\n\n<p>H\u00e1, pois que refletir quanto \u00e0 responsabilidade que o Saber transporta, mas sem fanatismo medievalismos, sobre os limites do seu exerc\u00edcio, sobre a \u00c9tica dos seus detentores. Sobre os mecanismos de preven\u00e7\u00e3o e defesa contra o abuso do Saber, e o absoluto respeito pela Liberdade e pelas liberdades.&nbsp;<\/p>\n\n\n\n<p>E sempre refletir sobre o que \u00e9 o Saber e como o usar para melhorar a vida de todas as Pessoas aumentando na Terra a Paz, a Beleza, a Alegria, a Fraternidade e a Diversidade.<\/p>\n\n\n\n<p>Tem, pois de haver Ma\u00e7onarias no s\u00e9culo XXI, mas uma Ma\u00e7onaria para estes Saberes Hodiernos.&nbsp;<\/p>\n\n\n\n<p>Ricardo Saliba Urbano 9\u00ba 13\u00ba 25\u00ba 33\u00ba MR KPT<\/p>\n\n\n\n<p>Soberano Gr\u00e3o Mestre do GOMB<\/p>\n\n\n\n<p>Gr\u00e3o Prior da Suprema Grande Capela dos Cavaleiros de Jerusal\u00e9m<\/p>\n\n\n\n<p>Grande Secretario Geral do Santo Imp\u00e9rio do Supremo Conselho Filos\u00f3fico do Brasil<\/p>\n\n\n\n<p><strong>AL<\/strong><strong><em>:.<\/em><\/strong><strong>G<\/strong><strong><em>:.<\/em><\/strong><strong>D<\/strong><strong><em>:.<\/em><\/strong><strong>G<\/strong><strong><em>:.<\/em><\/strong><strong>A<\/strong><strong><em>:.<\/em><\/strong><strong>D<\/strong><strong><em>:.<\/em><\/strong><strong>U<\/strong><strong><em>:.<\/em><\/strong><\/p>\n\n\n\n<p>Valle de Asunci\u00f3n, 16 de octubre del 2021 e:.v:.<\/p>\n\n\n\n<p>IPH Ricardo Romero director Ejecutivo de la Uni\u00f3n Mas\u00f3nica Mundial U.M.M&nbsp;<\/p>\n\n\n\n<p>MIPH: Gran Canciller Richard Marty&nbsp;<\/p>\n\n\n\n<p>IPH Canciller por Europa Uni\u00f3n Mas\u00f3nica Mundial Filippo Gammicchia&nbsp;<\/p>\n\n\n\n<p>IIPPHH: Cancilleres todos<\/p>\n\n\n\n<p>IIPPHH: Embajadores de los distintos pa\u00edses miembro UMM&nbsp;<\/p>\n\n\n\n<p>IPH: Embajador por el Paraguay y Coordinador&nbsp; Ejecutivo del Congreso V\u00edctor Manuel Ramos&nbsp;<\/p>\n\n\n\n<p>IIPPHH Soberanos<\/p>\n\n\n\n<p>SGC Supremo Consejo Occidental Tradicional Inici\u00e1tico del Paraguay Grado 33 REAA Pedro Mareco<\/p>\n\n\n\n<p>Grandes Inspectores Generales de la Orden visitantes y QQHHTT en sus respectivos grados y responsabilidades.<\/p>\n\n\n\n<p><strong>Italiano&nbsp;<\/strong><\/p>\n\n\n\n<p>La Massoneria nel 21\u00b0 secolo<\/p>\n\n\n\n<p>Vale la pena ricordare che, nonostante tutto il suo glorioso passato e ancora presente nell&#8217;elenco delle organizzazioni che spiccano sulla scena mondiale, la Massoneria, come molte altre istituzioni tradizionali, affronta la sfida di convivere con le turbolenze causate dall&#8217;avvento della postmodernit\u00e0. . Come pu\u00f2 un&#8217;organizzazione cos\u00ec ricca di tradizione e fondata su forti principi morali, essere in grado di vedere il mare in tempesta di questi tempi postmoderni, in cui tutto, dalle istituzioni alle credenze, \u00e8 messo in discussione? Come trattarlo come il nuovo, senza rinunciare ai suoi principi e ai suoi scopi?<\/p>\n\n\n\n<p>\u00c8 passato il secondo decennio del 21\u00b0 secolo e si pongono troppi interrogativi su un mondo che si \u00e8 gi\u00e0 rivelato pieno di sorprese e dolori inaspettati, come l&#8217;incidente allo stabilimento di Fukushima dell&#8217;11 marzo 2011 e ora il Covid-19 !<\/p>\n\n\n\n<p>Nel suo viaggio terreno, l&#8217;umanit\u00e0 ha aumentato la sua ricerca per dominare la materia, grazie alla crescente ingegnosit\u00e0 e ai troppi disastri.<\/p>\n\n\n\n<p>Le istituzioni in questione, infatti, sono state spesso dominate da conservatori, pi\u00f9 interessati a mantenere intatto il sapere che a svilupparlo semplicemente ripetendo formule macachere e persino gesti gi\u00e0 privi di significato, e trattati come tali, bloccando il libero pensiero in nome dell&#8217;ortodossia. conoscenza.<\/p>\n\n\n\n<p>Per mantenere questo controllo, la conoscenza esterna veniva condannata e perseguitata, a volte anche con nobili intenzioni, al fine di preservare l&#8217;eredit\u00e0 dei maestri del passato.<\/p>\n\n\n\n<p>Rafforzato l&#8217;influsso dei secoli 8\/9, nel XVI secolo il Rinascimento fa nascere nell&#8217;uomo europeo la curiosit\u00e0, il desiderio di scoperta, il coraggio di sfidare i limiti, le idee fatte, gli antichi precetti essendo chiari chi ha pagato con la vita questa audacia, ma generando forti dinamiche prima nella Conoscenza, ma poi in campo politico, sociale ed economico!<\/p>\n\n\n\n<p>I potenti istituiti, retrogradi, cercarono di ritardare questa rinascita dell&#8217;uomo delle idee libere e del pensiero autonomo, ma il movimento era troppo potente e diffuso per essere reprimibile e nelle arti, nelle scienze, nella religione, nella politica e nel mare, nacque l&#8217;uomo. moderno.<\/p>\n\n\n\n<p>La Massoneria e i suoi equivalenti hanno guidato e\/o partecipato a questo movimento, insegnando e formando uomini di libero pensiero e spirito critico, subordinati solo a un Dio liberato dalle chiese e\/o sette e all&#8217;umanit\u00e0.<\/p>\n\n\n\n<p>Ecco perch\u00e9 in Europa e in America i Massoni hanno stimolato il pensiero scientifico, la libert\u00e0 di pensiero, la libert\u00e0 di religione, la libert\u00e0 di commercio, l&#8217;uguaglianza politica, le nazionalit\u00e0, la fraternit\u00e0 e la giustizia sociale, e sono anche nati movimenti sindacali\/sindacali.<\/p>\n\n\n\n<p>E ora una societ\u00e0 sempre pi\u00f9 aperta su un percorso di piena libert\u00e0, conoscenza, conoscenza scientifica, insegnamento ed esercizio della tecnica \u00e8 stata anche liberata di essere non educativa, essendo finalmente exoterica.<\/p>\n\n\n\n<p>Nel mondo di oggi, i Massoni possono solo provare una grande soddisfazione per il contributo che hanno dato alla loro genesi, ma per molti Massoni la loro missione \u00e8 appena iniziata, quindi il futuro sar\u00e0 pieno di sfide.<\/p>\n\n\n\n<p>Oggi la Persona ha un potere come mai prima sulla vita e sulla morte di miliardi di esseri, sulla stabilit\u00e0 della vita sulla Terra, sullo sviluppo di animali e piante o minerali, sui propri elementi genetici, sull&#8217;eredit\u00e0 che rimarr\u00e0 per le generazioni future.<\/p>\n\n\n\n<p>E questa Persona che non pu\u00f2 comprendere un Dio degli altri o di se stesso, o che possiede un potere totale, curiosamente o vive coinvolta dalla Paura della malattia, della povert\u00e0, della vecchiaia, dell&#8217;obesit\u00e0, della disoccupazione, dell&#8217;impotenza e del partner, e per la suprema paura della morte, sente come mai prima il peso dell&#8217;ignoranza.<\/p>\n\n\n\n<p>Come vediamo con il Covid-19, il nostro destino, e quello di tutta la Creazione sulla Terra, rimane nelle mani di potenti bambini irresponsabili.<\/p>\n\n\n\n<p>\u00c8, quindi, dovere dei Massoni essere di dovere affinch\u00e9 i governi e le istituzioni della Conoscenza, delle organizzazioni politiche e in generale delle istituzioni legate al potere, siano occupate da uomini responsabili, di buona formazione morale e sociale, consapevoli dei doveri che hanno per se stessi, per l&#8217;umanit\u00e0 e per GADU, il grande architetto dell&#8217;universo.<\/p>\n\n\n\n<p>C&#8217;\u00e8, si pu\u00f2 riflettere quanta responsabilit\u00e0 porta quella o Conoscenza, pi\u00f9 il fanatismo medievale, sui limiti del suo esercizio, sull&#8217;Etica due seri detentori. Per quanto riguarda i meccanismi di prevenzione e difesa contro o abusi della Conoscenza, e rispetto assoluto della libert\u00e0 e delle libert\u00e0.<\/p>\n\n\n\n<p>Parlo sempre di quello che so e di come usare per salvare la vita di tutte le Persone che vanno dalla Terra alla Pace, a Beleza, ad Alegria, a Fraternidade e alla Diversidade.<\/p>\n\n\n\n<p>Tem, pois de haver Ma\u00e7onarias non so XXI, pi\u00f9 una Ma\u00e7onaria per queste Conoscenze Umane.<\/p>\n\n\n\n<p><strong>Ricardo Saliba Urbano 9\u00ba 13\u00ba 25\u00ba 33\u00ba MR KPT<\/strong><\/p>\n\n\n\n<p><strong>Sovrano Gr\u00e3o Mestre do GOMB<\/strong><\/p>\n\n\n\n<p><strong>Gr\u00e3o Prior da Suprema Grande Capela dos Cavaleiros de Jerusalem<\/strong><\/p>\n\n\n\n<p><strong>Gran Segretario Generale del Santo Imp\u00e9rio do Supremo Conselho Filos\u00f3fico do Brasil<\/strong><\/p>\n","protected":false},"excerpt":{"rendered":"<p>AL:.G:.D:.G:.A:.D:.U:. Valle de Asunci\u00f3n, 16 de octubre del 2021 e:.v:. IPH Ricardo Romero director Ejecutivo de la Uni\u00f3n Mas\u00f3nica Mundial U.M.M&nbsp; MIPH: Gran Canciller Richard Marty&nbsp; IPH Canciller por Europa Uni\u00f3n Mas\u00f3nica Mundial Filippo Gammicchia&nbsp; IIPPHH: Cancilleres todos IIPPHH: Embajadores de los distintos pa\u00edses miembro UMM&nbsp; IPH: Embajador por el Paraguay y Coordinador&nbsp; Ejecutivo del [&hellip;]<\/p>\n","protected":false},"author":1,"featured_media":46,"comment_status":"open","ping_status":"open","sticky":false,"template":"","format":"standard","meta":{"footnotes":""},"categories":[35,40,3],"tags":[52,53],"class_list":["post-522","post","type-post","status-publish","format-standard","has-post-thumbnail","hentry","category-balaustres","category-congreso","category-union-masonica-mundial","tag-a-maconaria-no-seculo-xxi","tag-ricardo-saliba-urbano"],"_links":{"self":[{"href":"https:\/\/unionmasonicamundial.org\/umm\/wp-json\/wp\/v2\/posts\/522","targetHints":{"allow":["GET"]}}],"collection":[{"href":"https:\/\/unionmasonicamundial.org\/umm\/wp-json\/wp\/v2\/posts"}],"about":[{"href":"https:\/\/unionmasonicamundial.org\/umm\/wp-json\/wp\/v2\/types\/post"}],"author":[{"embeddable":true,"href":"https:\/\/unionmasonicamundial.org\/umm\/wp-json\/wp\/v2\/users\/1"}],"replies":[{"embeddable":true,"href":"https:\/\/unionmasonicamundial.org\/umm\/wp-json\/wp\/v2\/comments?post=522"}],"version-history":[{"count":1,"href":"https:\/\/unionmasonicamundial.org\/umm\/wp-json\/wp\/v2\/posts\/522\/revisions"}],"predecessor-version":[{"id":523,"href":"https:\/\/unionmasonicamundial.org\/umm\/wp-json\/wp\/v2\/posts\/522\/revisions\/523"}],"wp:featuredmedia":[{"embeddable":true,"href":"https:\/\/unionmasonicamundial.org\/umm\/wp-json\/wp\/v2\/media\/46"}],"wp:attachment":[{"href":"https:\/\/unionmasonicamundial.org\/umm\/wp-json\/wp\/v2\/media?parent=522"}],"wp:term":[{"taxonomy":"category","embeddable":true,"href":"https:\/\/unionmasonicamundial.org\/umm\/wp-json\/wp\/v2\/categories?post=522"},{"taxonomy":"post_tag","embeddable":true,"href":"https:\/\/unionmasonicamundial.org\/umm\/wp-json\/wp\/v2\/tags?post=522"}],"curies":[{"name":"wp","href":"https:\/\/api.w.org\/{rel}","templated":true}]}}